{"id":6733,"date":"2022-05-19T13:30:16","date_gmt":"2022-05-19T11:30:16","guid":{"rendered":"https:\/\/pigier-lyon.com\/blogs\/leverreasoi\/?p=6733"},"modified":"2022-05-19T14:04:21","modified_gmt":"2022-05-19T12:04:21","slug":"des-tomates-sur-les-toits","status":"publish","type":"post","link":"http:\/\/pigier-lyon.com\/blogs\/leverreasoi\/des-tomates-sur-les-toits\/","title":{"rendered":"Des tomates sur les toits"},"content":{"rendered":"\t\t<div data-elementor-type=\"wp-post\" data-elementor-id=\"6733\" class=\"elementor elementor-6733\" data-elementor-post-type=\"post\">\n\t\t\t\t\t\t<section class=\"elementor-section elementor-top-section elementor-element elementor-element-5b6d19a elementor-section-boxed elementor-section-height-default elementor-section-height-default\" data-id=\"5b6d19a\" data-element_type=\"section\" data-e-type=\"section\">\n\t\t\t\t\t\t<div class=\"elementor-container elementor-column-gap-default\">\n\t\t\t\t\t<div class=\"elementor-column elementor-col-100 elementor-top-column elementor-element elementor-element-78c4f1f\" data-id=\"78c4f1f\" data-element_type=\"column\" data-e-type=\"column\">\n\t\t\t<div class=\"elementor-widget-wrap elementor-element-populated\">\n\t\t\t\t\t\t<div class=\"elementor-element elementor-element-2c76e01 elementor-widget elementor-widget-heading\" data-id=\"2c76e01\" data-element_type=\"widget\" data-e-type=\"widget\" data-widget_type=\"heading.default\">\n\t\t\t\t<div class=\"elementor-widget-container\">\n\t\t\t\t\t<h2 class=\"elementor-heading-title elementor-size-default\">L'agriculture ultra urbaine une aubaine ? <\/h2>\t\t\t\t<\/div>\n\t\t\t\t<\/div>\n\t\t\t\t<div class=\"elementor-element elementor-element-ecc3777 elementor-widget elementor-widget-text-editor\" data-id=\"ecc3777\" data-element_type=\"widget\" data-e-type=\"widget\" data-widget_type=\"text-editor.default\">\n\t\t\t\t<div class=\"elementor-widget-container\">\n\t\t\t\t\t\t\t\t\t<p>Dans un monde o\u00f9 la conscience \u00e9cologique \u00e9volue, o\u00f9 la transition se fait de plus en plus pressante on pourrait se pos\u00e9 la question de pourquoi pas cultiver des tomates sur les toits ? D&rsquo;abord il faut savoir que cette id\u00e9e n&rsquo;est pas nouvelle c&rsquo;est une id\u00e9e qui est apparut il y a une dizaine d&rsquo;ann\u00e9e. En effet la complexit\u00e9 de l&rsquo;agencement en ville \u00e0 obliger des architectes emm\u00e9nager des jardins au sommet des immeuble. De surcro\u00eet ces techniques contribues \u00e0 la reconqu\u00eate du vert en ville. C&rsquo;est \u00e0 dire qu&rsquo;elles permettent une meilleure transition \u00e9cologique et oxyg\u00e8ne les espaces urbains.\u00a0<\/p>\t\t\t\t\t\t\t\t<\/div>\n\t\t\t\t<\/div>\n\t\t\t\t\t<\/div>\n\t\t<\/div>\n\t\t\t\t\t<\/div>\n\t\t<\/section>\n\t\t\t\t<section class=\"elementor-section elementor-top-section elementor-element elementor-element-01c4e39 elementor-section-boxed elementor-section-height-default elementor-section-height-default\" data-id=\"01c4e39\" data-element_type=\"section\" data-e-type=\"section\">\n\t\t\t\t\t\t<div class=\"elementor-container elementor-column-gap-default\">\n\t\t\t\t\t<div class=\"elementor-column elementor-col-100 elementor-top-column elementor-element elementor-element-3a7663e\" data-id=\"3a7663e\" data-element_type=\"column\" data-e-type=\"column\">\n\t\t\t<div class=\"elementor-widget-wrap elementor-element-populated\">\n\t\t\t\t\t\t<div class=\"elementor-element elementor-element-fbca72c elementor-widget elementor-widget-heading\" data-id=\"fbca72c\" data-element_type=\"widget\" data-e-type=\"widget\" data-widget_type=\"heading.default\">\n\t\t\t\t<div class=\"elementor-widget-container\">\n\t\t\t\t\t<h2 class=\"elementor-heading-title elementor-size-default\">Culture des tomates sur les toits<\/h2>\t\t\t\t<\/div>\n\t\t\t\t<\/div>\n\t\t\t\t<div class=\"elementor-element elementor-element-46fae0f elementor-widget elementor-widget-image-gallery\" data-id=\"46fae0f\" data-element_type=\"widget\" data-e-type=\"widget\" data-widget_type=\"image-gallery.default\">\n\t\t\t\t<div class=\"elementor-widget-container\">\n\t\t\t\t\t\t\t<div class=\"elementor-image-gallery\">\n\t\t\t\n<a data-elementor-open-lightbox=\"yes\" data-elementor-lightbox-slideshow=\"46fae0f\" data-elementor-lightbox-title=\"c&#039;est quand m\u00eame sympa\" data-e-action-hash=\"#elementor-action%3Aaction%3Dlightbox%26settings%3DeyJpZCI6Njc0OCwidXJsIjoiaHR0cDpcL1wvcGlnaWVyLWx5b24uY29tXC9ibG9nc1wvbGV2ZXJyZWFzb2lcL3dwLWNvbnRlbnRcL3VwbG9hZHNcL3NpdGVzXC8xMjdcLzIwMjJcLzA1XC90b21hdGVzLmpwZWciLCJzbGlkZXNob3ciOiI0NmZhZTBmIn0%3D\" href='http:\/\/pigier-lyon.com\/blogs\/leverreasoi\/wp-content\/uploads\/sites\/127\/2022\/05\/tomates.jpeg'><img fetchpriority=\"high\" decoding=\"async\" width=\"281\" height=\"180\" src=\"http:\/\/pigier-lyon.com\/blogs\/leverreasoi\/wp-content\/uploads\/sites\/127\/2022\/05\/tomates.jpeg\" class=\"attachment-1536x1536 size-1536x1536\" alt=\"des tomates sur les toits\" \/><\/a>\n<a data-elementor-open-lightbox=\"yes\" data-elementor-lightbox-slideshow=\"46fae0f\" data-elementor-lightbox-title=\"Elles sont rouges\" data-e-action-hash=\"#elementor-action%3Aaction%3Dlightbox%26settings%3DeyJpZCI6Njc0OSwidXJsIjoiaHR0cDpcL1wvcGlnaWVyLWx5b24uY29tXC9ibG9nc1wvbGV2ZXJyZWFzb2lcL3dwLWNvbnRlbnRcL3VwbG9hZHNcL3NpdGVzXC8xMjdcLzIwMjJcLzA1XC90b21hdGVzLXN1ci1sZXMtdG9pdHMtc3MuanBlZyIsInNsaWRlc2hvdyI6IjQ2ZmFlMGYifQ%3D%3D\" href='http:\/\/pigier-lyon.com\/blogs\/leverreasoi\/wp-content\/uploads\/sites\/127\/2022\/05\/tomates-sur-les-toits-ss.jpeg'><img decoding=\"async\" width=\"293\" height=\"172\" src=\"http:\/\/pigier-lyon.com\/blogs\/leverreasoi\/wp-content\/uploads\/sites\/127\/2022\/05\/tomates-sur-les-toits-ss.jpeg\" class=\"attachment-1536x1536 size-1536x1536\" alt=\"des tomates sur les toits\" \/><\/a>\n<a data-elementor-open-lightbox=\"yes\" data-elementor-lightbox-slideshow=\"46fae0f\" data-elementor-lightbox-title=\"c&#039;est plus r\u00e9spirable\" data-e-action-hash=\"#elementor-action%3Aaction%3Dlightbox%26settings%3DeyJpZCI6Njc1MCwidXJsIjoiaHR0cDpcL1wvcGlnaWVyLWx5b24uY29tXC9ibG9nc1wvbGV2ZXJyZWFzb2lcL3dwLWNvbnRlbnRcL3VwbG9hZHNcL3NpdGVzXC8xMjdcLzIwMjJcLzA1XC90b21hdGVzLXN1ci1sZXMtdG9pdHMuanBlZyIsInNsaWRlc2hvdyI6IjQ2ZmFlMGYifQ%3D%3D\" href='http:\/\/pigier-lyon.com\/blogs\/leverreasoi\/wp-content\/uploads\/sites\/127\/2022\/05\/tomates-sur-les-toits.jpeg'><img decoding=\"async\" width=\"276\" height=\"183\" src=\"http:\/\/pigier-lyon.com\/blogs\/leverreasoi\/wp-content\/uploads\/sites\/127\/2022\/05\/tomates-sur-les-toits.jpeg\" class=\"attachment-1536x1536 size-1536x1536\" alt=\"des tomates sur les toits\" srcset=\"http:\/\/pigier-lyon.com\/blogs\/leverreasoi\/wp-content\/uploads\/sites\/127\/2022\/05\/tomates-sur-les-toits.jpeg 276w, http:\/\/pigier-lyon.com\/blogs\/leverreasoi\/wp-content\/uploads\/sites\/127\/2022\/05\/tomates-sur-les-toits-120x80.jpeg 120w\" sizes=\"(max-width: 276px) 100vw, 276px\" \/><\/a>\n<a data-elementor-open-lightbox=\"yes\" data-elementor-lightbox-slideshow=\"46fae0f\" data-elementor-lightbox-title=\"Que c&#039;est beau la nature\" data-e-action-hash=\"#elementor-action%3Aaction%3Dlightbox%26settings%3DeyJpZCI6Njc1MSwidXJsIjoiaHR0cDpcL1wvcGlnaWVyLWx5b24uY29tXC9ibG9nc1wvbGV2ZXJyZWFzb2lcL3dwLWNvbnRlbnRcL3VwbG9hZHNcL3NpdGVzXC8xMjdcLzIwMjJcLzA1XC90b21hdGUtc3VyLWxlcy10b2l0cy5qcGVnIiwic2xpZGVzaG93IjoiNDZmYWUwZiJ9\" href='http:\/\/pigier-lyon.com\/blogs\/leverreasoi\/wp-content\/uploads\/sites\/127\/2022\/05\/tomate-sur-les-toits.jpeg'><img loading=\"lazy\" decoding=\"async\" width=\"271\" height=\"186\" src=\"http:\/\/pigier-lyon.com\/blogs\/leverreasoi\/wp-content\/uploads\/sites\/127\/2022\/05\/tomate-sur-les-toits.jpeg\" class=\"attachment-1536x1536 size-1536x1536\" alt=\"des tomates sur les toits\" \/><\/a>\n\t\t<\/div>\n\t\t\t\t\t\t<\/div>\n\t\t\t\t<\/div>\n\t\t\t\t\t<\/div>\n\t\t<\/div>\n\t\t\t\t\t<\/div>\n\t\t<\/section>\n\t\t\t\t<section class=\"elementor-section elementor-top-section elementor-element elementor-element-e68f62b elementor-section-boxed elementor-section-height-default elementor-section-height-default\" data-id=\"e68f62b\" data-element_type=\"section\" data-e-type=\"section\">\n\t\t\t\t\t\t<div class=\"elementor-container elementor-column-gap-default\">\n\t\t\t\t\t<div class=\"elementor-column elementor-col-100 elementor-top-column elementor-element elementor-element-b537fb4\" data-id=\"b537fb4\" data-element_type=\"column\" data-e-type=\"column\">\n\t\t\t<div class=\"elementor-widget-wrap elementor-element-populated\">\n\t\t\t\t\t\t<div class=\"elementor-element elementor-element-aebf89f elementor-widget elementor-widget-heading\" data-id=\"aebf89f\" data-element_type=\"widget\" data-e-type=\"widget\" data-widget_type=\"heading.default\">\n\t\t\t\t<div class=\"elementor-widget-container\">\n\t\t\t\t\t<h2 class=\"elementor-heading-title elementor-size-default\">O\u00f9 trouver des jardins (de tomates)<\/h2>\t\t\t\t<\/div>\n\t\t\t\t<\/div>\n\t\t\t\t<div class=\"elementor-element elementor-element-532147a elementor-widget elementor-widget-text-editor\" data-id=\"532147a\" data-element_type=\"widget\" data-e-type=\"widget\" data-widget_type=\"text-editor.default\">\n\t\t\t\t<div class=\"elementor-widget-container\">\n\t\t\t\t\t\t\t\t\t<p>Si votre copropri\u00e9t\u00e9 l&rsquo;accepte ou que vous avez l&rsquo;espace c&rsquo;est comme si c&rsquo;\u00e9tait fait. Vous pouvez vous en procurer dans les boutiques sp\u00e9cialis\u00e9s comme <a href=\"https:\/\/www.jardiland.com\/\" target=\"_blank\" rel=\"noopener\">Jardiland<\/a>, <a href=\"https:\/\/www.botanic.com\/?gclid=Cj0KCQjw1ZeUBhDyARIsAOzAqQLp6DuA3YUTZwwow8D15snqHIkY2cQWl1avy2pTySUXfVKy1Klh8ccaArcQEALw_wcB&amp;_r=true&amp;_referrer=google.com\/\" target=\"_blank\" rel=\"noopener\">Botanic<\/a> ou encore la <a href=\"https:\/\/www.truffaut.com\/stores\" target=\"_blank\" rel=\"noopener\">jardinerie Trufaut<\/a>. Cela d\u00e9pendra surtout de votre porte monnaie mais vous pouvez commencer votre plantation de tomates sur les toits. <a href=\"https:\/\/pigier-lyon.com\/blogs\/leverreasoi\/lhibiscus-cette-fleur-exotique\/?preview=true&amp;_thumbnail_id=6755\">Si vous \u00eates bon agriculteur pourquoi cultiver votre hibiscus ?\u00a0<\/a><\/p>\t\t\t\t\t\t\t\t<\/div>\n\t\t\t\t<\/div>\n\t\t\t\t\t<\/div>\n\t\t<\/div>\n\t\t\t\t\t<\/div>\n\t\t<\/section>\n\t\t\t\t<\/div>\n\t\t","protected":false},"excerpt":{"rendered":"<p>L&rsquo;agriculture ultra urbaine une aubaine ? Dans un monde o\u00f9 la conscience \u00e9cologique \u00e9volue, o\u00f9 la transition se fait de plus en plus pressante on pourrait se pos\u00e9 la question &hellip;<\/p>\n","protected":false},"author":528,"featured_media":0,"comment_status":"open","ping_status":"open","sticky":false,"template":"","format":"standard","meta":{"footnotes":""},"categories":[1],"tags":[],"class_list":["post-6733","post","type-post","status-publish","format-standard","hentry","category-non-classe"],"_links":{"self":[{"href":"http:\/\/pigier-lyon.com\/blogs\/leverreasoi\/wp-json\/wp\/v2\/posts\/6733","targetHints":{"allow":["GET"]}}],"collection":[{"href":"http:\/\/pigier-lyon.com\/blogs\/leverreasoi\/wp-json\/wp\/v2\/posts"}],"about":[{"href":"http:\/\/pigier-lyon.com\/blogs\/leverreasoi\/wp-json\/wp\/v2\/types\/post"}],"author":[{"embeddable":true,"href":"http:\/\/pigier-lyon.com\/blogs\/leverreasoi\/wp-json\/wp\/v2\/users\/528"}],"replies":[{"embeddable":true,"href":"http:\/\/pigier-lyon.com\/blogs\/leverreasoi\/wp-json\/wp\/v2\/comments?post=6733"}],"version-history":[{"count":16,"href":"http:\/\/pigier-lyon.com\/blogs\/leverreasoi\/wp-json\/wp\/v2\/posts\/6733\/revisions"}],"predecessor-version":[{"id":6868,"href":"http:\/\/pigier-lyon.com\/blogs\/leverreasoi\/wp-json\/wp\/v2\/posts\/6733\/revisions\/6868"}],"wp:attachment":[{"href":"http:\/\/pigier-lyon.com\/blogs\/leverreasoi\/wp-json\/wp\/v2\/media?parent=6733"}],"wp:term":[{"taxonomy":"category","embeddable":true,"href":"http:\/\/pigier-lyon.com\/blogs\/leverreasoi\/wp-json\/wp\/v2\/categories?post=6733"},{"taxonomy":"post_tag","embeddable":true,"href":"http:\/\/pigier-lyon.com\/blogs\/leverreasoi\/wp-json\/wp\/v2\/tags?post=6733"}],"curies":[{"name":"wp","href":"https:\/\/api.w.org\/{rel}","templated":true}]}}